{"id":205,"date":"2016-03-28T16:00:20","date_gmt":"2016-03-28T14:00:20","guid":{"rendered":"http:\/\/www.guerreiro.es\/?p=179"},"modified":"2019-08-26T14:57:05","modified_gmt":"2019-08-26T14:57:05","slug":"soy","status":"publish","type":"post","link":"https:\/\/guerreiro.es\/?p=205","title":{"rendered":"Soy"},"content":{"rendered":"<p>Nac\u00ed en A Coru\u00f1a a finales de los &#8217;70<\/p>\n<p>Me cri\u00e9 a medio camino de la ciudad y la aldea de mis antepasados en Lal\u00edn (Pontevedra) por lo que mantengo unas importantes raices con esta localidad, adicionalmente mi mujer tambi\u00e9n es de Lal\u00edn po rlo que me considero un Lalinense de adopci\u00f3n.<\/p>\n<p>En los &#8217;90 me vine a vivir a una maravillosa Madrid, donde Malasa\u00f1a era un barrio por descubrir y los colegios mayores daban sus \u00faltimos coletazos llenos hasta la bandera, Madrid fue mi aut\u00e9ntica carrera.<\/p>\n<p>Tengo dos hijas que ocupan mis dias entre la Patrulla Canina y Frozen.<\/p>\n","protected":false},"excerpt":{"rendered":"<p>Nac\u00ed en A Coru\u00f1a a finales de los &#8217;70 Me cri\u00e9 a medio camino de la ciudad y la aldea de mis antepasados en Lal\u00edn (Pontevedra) por lo que mantengo unas importantes raices con esta localidad, adicionalmente mi mujer tambi\u00e9n es de Lal\u00edn po rlo que me considero un Lalinense de adopci\u00f3n. En los &#8217;90&#8230; <\/p>\n<div class=\"link-more\"><a href=\"https:\/\/guerreiro.es\/?p=205\">Leer M\u00e1s<\/a><\/div>\n","protected":false},"author":3,"featured_media":446,"comment_status":"closed","ping_status":"closed","sticky":true,"template":"","format":"standard","meta":{"om_disable_all_campaigns":false,"_monsterinsights_skip_tracking":false,"_monsterinsights_sitenote_active":false,"_monsterinsights_sitenote_note":"","_monsterinsights_sitenote_category":0,"_uf_show_specific_survey":0,"_uf_disable_surveys":false,"_jetpack_memberships_contains_paid_content":false,"footnotes":""},"categories":[2],"tags":[],"class_list":{"0":"post-205","1":"post","2":"type-post","3":"status-publish","4":"format-standard","5":"has-post-thumbnail","6":"hentry","7":"category-portada","9":"fallback-thumbnail"},"aioseo_notices":[],"jetpack_featured_media_url":"https:\/\/guerreiro.es\/wp-content\/uploads\/2019\/08\/THKR4317-1024x686.jpg","jetpack_sharing_enabled":true,"_links":{"self":[{"href":"https:\/\/guerreiro.es\/index.php?rest_route=\/wp\/v2\/posts\/205","targetHints":{"allow":["GET"]}}],"collection":[{"href":"https:\/\/guerreiro.es\/index.php?rest_route=\/wp\/v2\/posts"}],"about":[{"href":"https:\/\/guerreiro.es\/index.php?rest_route=\/wp\/v2\/types\/post"}],"author":[{"embeddable":true,"href":"https:\/\/guerreiro.es\/index.php?rest_route=\/wp\/v2\/users\/3"}],"replies":[{"embeddable":true,"href":"https:\/\/guerreiro.es\/index.php?rest_route=%2Fwp%2Fv2%2Fcomments&post=205"}],"version-history":[{"count":1,"href":"https:\/\/guerreiro.es\/index.php?rest_route=\/wp\/v2\/posts\/205\/revisions"}],"predecessor-version":[{"id":448,"href":"https:\/\/guerreiro.es\/index.php?rest_route=\/wp\/v2\/posts\/205\/revisions\/448"}],"wp:featuredmedia":[{"embeddable":true,"href":"https:\/\/guerreiro.es\/index.php?rest_route=\/wp\/v2\/media\/446"}],"wp:attachment":[{"href":"https:\/\/guerreiro.es\/index.php?rest_route=%2Fwp%2Fv2%2Fmedia&parent=205"}],"wp:term":[{"taxonomy":"category","embeddable":true,"href":"https:\/\/guerreiro.es\/index.php?rest_route=%2Fwp%2Fv2%2Fcategories&post=205"},{"taxonomy":"post_tag","embeddable":true,"href":"https:\/\/guerreiro.es\/index.php?rest_route=%2Fwp%2Fv2%2Ftags&post=205"}],"curies":[{"name":"wp","href":"https:\/\/api.w.org\/{rel}","templated":true}]}}